[{"@context":"https:\/\/schema.org\/","@type":"Article","@id":"https:\/\/www.sftuma.cz\/zajimava-zvirata\/#Article","mainEntityOfPage":"https:\/\/www.sftuma.cz\/zajimava-zvirata\/","headline":"Zaj\u00edmav\u00e1 zv\u00ed\u0159ata","name":"Zaj\u00edmav\u00e1 zv\u00ed\u0159ata","description":"Cel\u00fd \u017eivot jsem v\u017edycky m\u011bla r\u00e1da zv\u00ed\u0159ata. Abych se p\u0159iznala, tak jsem si ji v\u016fbec nedok\u00e1zala p\u0159edstavit \u017eivot, \u017ee bych nemohla m\u00edt doma n\u011bjak\u00e9 zv\u00ed\u0159e. I kdy\u017e nejhor\u0161\u00ed to bylo pr\u00e1v\u011b s rodi\u010di a nejh\u016f\u0159e pr\u00e1v\u011b s otcem. Proto\u017ee m\u016fj otec nem\u011bl r\u00e1d p\u0159\u00edrodu, a hlavn\u011b ne zv\u00ed\u0159ata. M\u016fj otec je v\u017edycky m\u011bl za to, [&hellip;]","datePublished":"2022-12-22","dateModified":"2023-08-23","author":{"@type":"Person","@id":"https:\/\/www.sftuma.cz\/author\/#Person","name":"","url":"https:\/\/www.sftuma.cz\/author\/","identifier":1,"image":{"@type":"ImageObject","@id":"https:\/\/secure.gravatar.com\/avatar\/bac9badfec1c8ddbfb42cc2a45bdd424bcac2f01b51b95470cbfd0bab9e793fd?s=96&d=mm&r=g","url":"https:\/\/secure.gravatar.com\/avatar\/bac9badfec1c8ddbfb42cc2a45bdd424bcac2f01b51b95470cbfd0bab9e793fd?s=96&d=mm&r=g","height":96,"width":96}},"publisher":{"@type":"Organization","name":"sftuma.cz","logo":{"@type":"ImageObject","@id":"\/logo.png","url":"\/logo.png","width":600,"height":60}},"image":{"@type":"ImageObject","@id":"https:\/\/www.sftuma.cz\/wp-content\/uploads\/nature-3311618_1280.jpg","url":"https:\/\/www.sftuma.cz\/wp-content\/uploads\/nature-3311618_1280.jpg","height":0,"width":0},"url":"https:\/\/www.sftuma.cz\/zajimava-zvirata\/","about":["Zv\u00ed\u0159ata"],"wordCount":502,"articleBody":"Cel\u00fd \u017eivot jsem v\u017edycky m\u011bla r\u00e1da zv\u00ed\u0159ata. Abych se p\u0159iznala, tak jsem si ji v\u016fbec nedok\u00e1zala p\u0159edstavit \u017eivot, \u017ee bych nemohla m\u00edt doma n\u011bjak\u00e9 zv\u00ed\u0159e. I kdy\u017e nejhor\u0161\u00ed to bylo pr\u00e1v\u011b s rodi\u010di a nejh\u016f\u0159e pr\u00e1v\u011b s otcem. Proto\u017ee m\u016fj otec nem\u011bl r\u00e1d p\u0159\u00edrodu, a hlavn\u011b ne zv\u00ed\u0159ata. M\u016fj otec je v\u017edycky m\u011bl za to, a kdy\u017e si \u010dlov\u011bk po\u0159\u00edd\u00ed dom\u016f n\u011bjak\u00e9 zv\u00ed\u0159e, je to v\u017edycky dopadne \u00fapln\u011b katastrof\u00e1ln\u011b. Na jednu stranu j\u00e1 se tedy otci moc nediv\u00edm, proto\u017ee on m\u00e1 opravdu se zv\u00ed\u0159aty velice \u0161patn\u00e9 zku\u0161enosti. A to ne hlavn\u011b jenom se psi. Proto\u017ee kdy\u017e byl mal\u00fd, tak ho t\u0159ikr\u00e1t pokousal pes. Ale abych se zase otce zastala, nebyla to otcova vina. M\u016fj otec, kdy\u017e byl mal\u00fd tak si hr\u00e1l na sv\u00e9 vlastn\u00ed zahrad\u011b s m\u00ed\u010dem a b\u011bhem toho s jeho bratrem je\u0161t\u011b k\u0159i\u010deli. A norm\u00e1ln\u011b do jejich vlastn\u00ed zahrady vl\u00edtl n\u011bjak\u00fd pes a pokousal oba dva kluky. Bohu\u017eel se toto je\u0161t\u011b opakovalo asi za p\u016fl roku, tak\u017ee to nakonec dopadlo tak, \u017ee otec ke zv\u00ed\u0159at\u016fm asi n\u011bjak\u00fd odpor. Tak\u00e9 se potom stalo, \u017ee v zoologick\u00e9 zahrad\u011b ho \u0161t\u00edpnul p\u0161tros. Tak\u017ee to nakonec dopadlo tak, \u017ee otec si ud\u011blal \u00faplnou averzi na v\u0161echna zv\u00ed\u0159ata, ale nediv\u00edm se tomu. Ale zase je lep\u0161\u00ed, podle m\u00e9ho n\u00e1zoru si mysl\u00edm, \u017ee \u010dlov\u011bk m\u00e1 tak\u00e9 br\u00e1t v v\u017edycky n\u011bco v potaz a tak\u00e9 se v\u017edycky n\u011b\u010deho vzd\u00e1t. Bylo by tedy opravdu nejlep\u0161\u00ed, kdyby otec se vzdal sv\u00e9ho strachu anebo kdyby \u0161el t\u0159eba k psychologovi. Proto\u017ee jasn\u00e9, \u017ee kdy\u017e si potom \u010dlov\u011bk po\u0159\u00edd\u00ed d\u011bti, \u017ee to tak\u00e9 znamen\u00e1, \u017ee jednoho dne si prost\u011b ten \u010dlov\u011bk, kter\u00fd m\u00e1 d\u011bti, tak si tak\u00e9 jednoho dne po\u0159\u00edd\u00ed n\u011bjak\u00e9 sv\u00e9 zv\u00ed\u0159e. A takhle u\u017e to prost\u011b chod\u00ed. Mal\u00e9 d\u011bti, by tak\u00e9 m\u011bly m\u00edt n\u011bjak\u00e9 zv\u00ed\u0159e. Sama jsem u\u017e dosp\u011bl\u00e1 a m\u00e1m mal\u00e9ho syna. A samoz\u0159ejm\u011b, \u017ee u\u017e u n\u00e1s tak\u00e9 pro\u0161li r\u016fzn\u00e1 zv\u00ed\u0159ata. Po\u0159\u00eddili jsme dvakr\u00e1t te\u010dky. Jenom\u017ee k\u0159e\u010dek v\u017edycky \u017eije pouze jenom dva roky, tak\u017ee jsme m\u011bli dva a t\u0159et\u00edho nepl\u00e1nujeme. Po\u0159\u00eddili jsme si rad\u011bji dv\u011b ko\u010di\u010dky. Ko\u010di\u010dky jsou \u00fapln\u011b roztomil\u00e9 a bo\u017e\u00ed a se synem jenom spinkaj\u00ed v post\u00fdlce. Jinak je ale na cel\u00fd den d\u00e1v\u00e1me ven, proto\u017ee ko\u010di\u010dky si zvykly u n\u00e1s doma \u010d\u016frat. Vad\u00ed mi to, ale \u0159ekla jsem si, \u017ee to je prost\u011b \u017eivot zv\u00ed\u0159at a m\u00e1 to tak asi b\u00fdt.\u00a0                                                                                                                                                                                                                                                                                                                                                                                        4.2\/5 - (8 votes)        "},{"@context":"https:\/\/schema.org\/","@type":"BreadcrumbList","itemListElement":[{"@type":"ListItem","position":1,"name":"Zaj\u00edmav\u00e1 zv\u00ed\u0159ata","item":"https:\/\/www.sftuma.cz\/zajimava-zvirata\/#breadcrumbitem"}]}]