[{"@context":"https:\/\/schema.org\/","@type":"Article","@id":"https:\/\/www.sftuma.cz\/uklid-panelaku-za-vas-obstara-externi-firma\/#Article","mainEntityOfPage":"https:\/\/www.sftuma.cz\/uklid-panelaku-za-vas-obstara-externi-firma\/","headline":"\u00daklid panel\u00e1ku za v\u00e1s obstar\u00e1 extern\u00ed firma","name":"\u00daklid panel\u00e1ku za v\u00e1s obstar\u00e1 extern\u00ed firma","description":"Bydl\u00edte v bytov\u00e9m dom\u011b a nedok\u00e1\u017eete se shodnout s ostatn\u00edmi majiteli byt\u016f \u010di n\u00e1jemn\u00edky na podm\u00ednk\u00e1ch a parametrech spole\u010dn\u00e9ho \u00faklidu? Jsou mezi v\u00e1mi lid\u00e9, co ukl\u00edz\u00ed pravideln\u011b, a naopak n\u011bkte\u0159\u00ed, co neukl\u00edz\u00ed v\u016fbec? Nem\u00e1te \u017e\u00e1dn\u00e9 p\u00e1ky na to, po\u017e\u00e1dat je, nebo dokonce donutit ke zm\u011bn\u011b v jejich p\u0159\u00edstupu? N\u011bkte\u0159\u00ed lid\u00e9 si skute\u010dn\u011b nedaj\u00ed \u0159\u00edct, maj\u00ed [&hellip;]","datePublished":"2023-09-25","dateModified":"2023-10-30","author":{"@type":"Person","@id":"https:\/\/www.sftuma.cz\/author\/#Person","name":"","url":"https:\/\/www.sftuma.cz\/author\/","identifier":1,"image":{"@type":"ImageObject","@id":"https:\/\/secure.gravatar.com\/avatar\/bac9badfec1c8ddbfb42cc2a45bdd424bcac2f01b51b95470cbfd0bab9e793fd?s=96&d=mm&r=g","url":"https:\/\/secure.gravatar.com\/avatar\/bac9badfec1c8ddbfb42cc2a45bdd424bcac2f01b51b95470cbfd0bab9e793fd?s=96&d=mm&r=g","height":96,"width":96}},"publisher":{"@type":"Organization","name":"sftuma.cz","logo":{"@type":"ImageObject","@id":"\/logo.png","url":"\/logo.png","width":600,"height":60}},"image":{"@type":"ImageObject","@id":"https:\/\/www.sftuma.cz\/wp-content\/uploads\/wyzyny-904330_640.jpg","url":"https:\/\/www.sftuma.cz\/wp-content\/uploads\/wyzyny-904330_640.jpg","height":0,"width":0},"url":"https:\/\/www.sftuma.cz\/uklid-panelaku-za-vas-obstara-externi-firma\/","about":["Slu\u017eby"],"wordCount":404,"articleBody":"      Bydl\u00edte v bytov\u00e9m dom\u011b a nedok\u00e1\u017eete se shodnout s ostatn\u00edmi majiteli byt\u016f \u010di n\u00e1jemn\u00edky na podm\u00ednk\u00e1ch a parametrech spole\u010dn\u00e9ho \u00faklidu? Jsou mezi v\u00e1mi lid\u00e9, co ukl\u00edz\u00ed pravideln\u011b, a naopak n\u011bkte\u0159\u00ed, co neukl\u00edz\u00ed v\u016fbec? Nem\u00e1te \u017e\u00e1dn\u00e9 p\u00e1ky na to, po\u017e\u00e1dat je, nebo dokonce donutit ke zm\u011bn\u011b v jejich p\u0159\u00edstupu? N\u011bkte\u0159\u00ed lid\u00e9 si skute\u010dn\u011b nedaj\u00ed \u0159\u00edct, maj\u00ed hro\u0161\u00ed k\u016f\u017ei a nevad\u00ed jim pozn\u00e1mky ostatn\u00edch spolubydl\u00edc\u00edch, prost\u011b za sebou zabouchnou dve\u0159e v byt\u011b, a t\u00edm jejich ve\u0161ker\u00e1 korespondence a komunikace s lidmi v dom\u011b kon\u010d\u00ed.V takov\u00fdch p\u0159\u00edpadech z\u0159ejm\u011b nem\u00e1 v\u00fdznam dal\u0161\u00ed snaha o zlep\u0161en\u00ed st\u00e1vaj\u00edc\u00ed situace a zb\u00fdvaj\u00ed v\u00e1m dv\u011b mo\u017enosti. Tou prvn\u00ed je prost\u011b se sm\u00ed\u0159it s t\u00edm, \u017ee pan Honza z t\u0159et\u00edho patra ukl\u00edzet nebude. A tou druhou je \u0159e\u0161it \u00faklid panel\u00e1ku v Praze jinak \u2013 profesion\u00e1ln\u00ed firmou. \u00daklidov\u00e9 firmy prov\u00e1d\u00ed tyto pracovn\u00ed operace jako rutinn\u00ed \u010dinnost, \u00faklid bytov\u00e9ho domu extern\u00ed firmou je pom\u011brn\u011b b\u011b\u017en\u00fd a jedinou nev\u00fdhodou tohoto postupu je pouze vypl\u00e1cen\u00ed pen\u011bz ze spole\u010dn\u00e9ho fondu oprav. Kone\u010dn\u011b si oddychnete \u2013 v\u00edte, \u017ee lid\u00e9 dnes ze v\u0161eho nejv\u00edc pot\u0159ebuj\u00ed odpo\u010dinek a klid? A samoz\u0159ejm\u011b l\u00e1sku a dobr\u00e9 mezilidsk\u00e9 vztahy. Co je v\u00e1m platn\u00fd milion na kont\u011b, kdy\u017e v\u00e1s stres dotla\u010d\u00ed a\u017e do ordinace onkologa a ten v\u00e1m pak vym\u011b\u0159\u00ed p\u0159ibli\u017en\u011b p\u016fl roku \u017eivota. Sv\u011b\u0159te \u00faklid extern\u00ed firm\u011b a m\u00e1te pokoj. U\u017e \u017e\u00e1dn\u00e9 dohady a h\u00e1dky, jestli pan Franta vyt\u0159el schody a pan\u00ed Libu\u0161e umyla okna ve druh\u00e9m pat\u0159e.Za to riziko to nestoj\u00ed \u2013 \u010dist\u00e1 okna jsou vizitkou ka\u017ed\u00e9ho p\u0159\u00edbytku i bytov\u00e9ho domu, ale jejich um\u00fdv\u00e1n\u00ed s sebou nese jist\u00e1 rizika. Ve vy\u0161\u0161\u00edch patrech st\u00e1t na \u0161tafl\u00edch v bl\u00edzkosti otev\u0159en\u00e9ho okna, to je n\u011bco jako plavba v \u0159ece pln\u00e9 drav\u00fdch pira\u0148. Sta\u010d\u00ed jen kr\u00e1tk\u00e9 zav\u00e1h\u00e1n\u00ed, a p\u00e1d z okna s velkou pravd\u011bpodobnost\u00ed nebude m\u00edt happyend. Myt\u00ed oken nechte rad\u011bji na profesion\u00e1lech, kte\u0159\u00ed v\u00ed, jak si v takov\u00fdch situac\u00edch spr\u00e1vn\u011b po\u010d\u00ednat.                                                                                                                                                                                                                                                                                                                                                                                           3.6\/5 - (7 votes)        "},{"@context":"https:\/\/schema.org\/","@type":"BreadcrumbList","itemListElement":[{"@type":"ListItem","position":1,"name":"\u00daklid panel\u00e1ku za v\u00e1s obstar\u00e1 extern\u00ed firma","item":"https:\/\/www.sftuma.cz\/uklid-panelaku-za-vas-obstara-externi-firma\/#breadcrumbitem"}]}]