[{"@context":"https:\/\/schema.org\/","@type":"Article","@id":"https:\/\/www.sftuma.cz\/tri-nejvyznamnejsi-zriceniny-na-sumave\/#Article","mainEntityOfPage":"https:\/\/www.sftuma.cz\/tri-nejvyznamnejsi-zriceniny-na-sumave\/","headline":"T\u0159i nejv\u00fdznamn\u011bj\u0161\u00ed z\u0159\u00edceniny na \u0160umav\u011b","name":"T\u0159i nejv\u00fdznamn\u011bj\u0161\u00ed z\u0159\u00edceniny na \u0160umav\u011b","description":"Nejen kr\u00e1sn\u011b zachoval\u00e9 hrady a z\u00e1mky pln\u00e9 p\u0159ekr\u00e1sn\u00fdch expozi\u010dn\u00edch p\u0159edm\u011bt\u016f, kazetov\u00fdch strop\u016f a tak podobn\u011b p\u0159itahuj\u00ed pozornost tuzemsk\u00fdch v\u00fdletn\u00edk\u016f. Pro mnoh\u00e9 z\u00a0nich maj\u00ed v\u011bt\u0161\u00ed kouzlo z\u0159\u00edceniny. Ty sice neosln\u00ed barokn\u00edm kamny a obrazy napar\u00e1d\u011bn\u00fdch p\u0159\u00edslu\u0161n\u00edk\u016f \u0161lechtick\u00fdch rod\u016f, o to v\u0161ak maj\u00ed atmosf\u00e9ru. Ve st\u0159edov\u011bku b\u00fdvaly d\u016fle\u017eit\u00fdmi op\u011brn\u00fdmi a obran\u00fdmi body \u010cesk\u00e9ho kr\u00e1lovstv\u00ed, a tak si [&hellip;]","datePublished":"2019-06-13","dateModified":"2019-06-13","author":{"@type":"Person","@id":"https:\/\/www.sftuma.cz\/author\/#Person","name":"","url":"https:\/\/www.sftuma.cz\/author\/","identifier":1,"image":{"@type":"ImageObject","@id":"https:\/\/secure.gravatar.com\/avatar\/bac9badfec1c8ddbfb42cc2a45bdd424bcac2f01b51b95470cbfd0bab9e793fd?s=96&d=mm&r=g","url":"https:\/\/secure.gravatar.com\/avatar\/bac9badfec1c8ddbfb42cc2a45bdd424bcac2f01b51b95470cbfd0bab9e793fd?s=96&d=mm&r=g","height":96,"width":96}},"publisher":{"@type":"Organization","name":"sftuma.cz","logo":{"@type":"ImageObject","@id":"\/logo.png","url":"\/logo.png","width":600,"height":60}},"image":{"@type":"ImageObject","@id":"https:\/\/www.sftuma.cz\/wp-content\/uploads\/img_a347202_w2956_t1561442111.jpg","url":"https:\/\/www.sftuma.cz\/wp-content\/uploads\/img_a347202_w2956_t1561442111.jpg","height":0,"width":0},"url":"https:\/\/www.sftuma.cz\/tri-nejvyznamnejsi-zriceniny-na-sumave\/","wordCount":454,"articleBody":"Nejen kr\u00e1sn\u011b zachoval\u00e9 hrady a z\u00e1mky pln\u00e9 p\u0159ekr\u00e1sn\u00fdch expozi\u010dn\u00edch p\u0159edm\u011bt\u016f, kazetov\u00fdch strop\u016f a tak podobn\u011b p\u0159itahuj\u00ed pozornost tuzemsk\u00fdch v\u00fdletn\u00edk\u016f. Pro mnoh\u00e9 z\u00a0nich maj\u00ed v\u011bt\u0161\u00ed kouzlo z\u0159\u00edceniny. Ty sice neosln\u00ed barokn\u00edm kamny a obrazy napar\u00e1d\u011bn\u00fdch p\u0159\u00edslu\u0161n\u00edk\u016f \u0161lechtick\u00fdch rod\u016f, o to v\u0161ak maj\u00ed atmosf\u00e9ru. Ve st\u0159edov\u011bku b\u00fdvaly d\u016fle\u017eit\u00fdmi op\u011brn\u00fdmi a obran\u00fdmi body \u010cesk\u00e9ho kr\u00e1lovstv\u00ed, a tak si zasluhuj\u00ed na\u0161e zaujet\u00ed i dnes.\tNa \u0160umav\u011b je takov\u00fdch velk\u00fdch z\u0159\u00edcenin hned n\u011bkolik. Poj\u010fme si te\u010f p\u0159edstavit ty nejv\u00fdznamn\u011bj\u0161\u00ed z\u00a0nich. Patrn\u011b nejv\u011bt\u0161\u00ed je Rab\u00ed. Hrad, kter\u00fd byl zalo\u017een v\u00a0polovin\u011b 13. stolet\u00ed slou\u017eil jako ochrana obchodn\u00ed cesty. Dne\u0161n\u00ed \u201esl\u00e1vu\u201c z\u00edskal hrad za dob husitsk\u00fdch v\u00e1lek. P\u0159i jeho obl\u00e9h\u00e1n\u00ed p\u0159i\u0161el husitsk\u00fd vojev\u016fdce Jan \u017di\u017eka z\u00a0Trocnova o druh\u00e9 oko. To se ud\u00e1lo asi v\u00a0roce 1421. Po t\u00e9, co jej vojska opustila, byl znovu opraven, jen\u017ee b\u011bhem T\u0159icetilet\u00e9 v\u00e1lky byl vyplen\u011bn, a to se mu stalo osudn\u00fdm, nebo\u0165 zhruba od roku 1620 ch\u00e1tr\u00e1. P\u0159esto jsou zde st\u00e1le patrn\u00e9 n\u00e1znaky jednotliv\u00fdch \u010d\u00e1st\u00ed budov, v\u00fdrazn\u00e9 opevn\u011bn\u00ed, v\u011b\u017ee a velmi zachovan\u00e9 hradn\u00ed sklepen\u00ed. D\u00edky sv\u00e9 poloze na vyv\u00fd\u0161en\u00e9m m\u00edst\u011b nad \u0159ekou Otavou je ikonickou budovou Hora\u017e\u010fovicka a Su\u0161icka.\t\tDal\u0161\u00edm zaj\u00edmav\u00fdm \u0161umavsk\u00fdm hradem byl Ka\u0161perk. Nejv\u00fd\u0161e polo\u017een\u00fd kr\u00e1lovsk\u00fd hrad vystavil a pou\u017e\u00edval Karel IV. Hrad ale od roku 1616 ch\u00e1tral a v\u00a0obdob\u00ed po T\u0159icetilet\u00e9 v\u00e1lce byl doslova rozebr\u00e1n m\u00edstn\u00edmi, kte\u0159\u00ed zde brali, co zrovna pot\u0159ebovali na stavbu sv\u00fdch dom\u016f. N\u00e1pravu p\u0159ineslo 19. stolet\u00ed, kdy byl jako pam\u00e1tka opraven. Do dne\u0161n\u00ed doby se za pou\u017eit\u00ed dobov\u00fdch metod renovuje. \u00a0\tV\u00edtk\u016fv hr\u00e1dek je posledn\u00edm z\u00a0trojl\u00edstku (zdaleka v\u0161ak ne posledn\u00ed \u0161umavskou z\u0159\u00edceninou). Tento pom\u011brn\u011b mal\u00fd hrad b\u00fdv\u00e1 zn\u00e1m\u00fd tak\u00e9 jako V\u00edtk\u016fv k\u00e1men, co\u017e je n\u00e1zev hory, na jej\u00edm\u017e vrcholu stoj\u00ed. Jedn\u00e1 se o nejv\u00fd\u0161e polo\u017eenou z\u0159\u00edceninu v\u00a0\u010cesk\u00e9 republice. Zalo\u017een byl rodem V\u00edtkovc\u016f, od nich\u017e jej odkoupili Ro\u017emberkov\u00e9. Ti zde dokonce n\u011bkolik m\u011bs\u00edc\u016f v\u011bznili V\u00e1clava IV. Od poloviny 18. stolet\u00ed budovy ch\u00e1traly a a\u017e Schwarzenbergov\u00e9 jej v\u00a0roce 1869 odkoupili a p\u0159estav\u011bli na rozhlednu. Ta je obl\u00edben\u00fdm c\u00edlem turist\u016f na Lipensku dodnes.                                                                                                                                                                                                                                                                                                                                                                                        4.1\/5 - (8 votes)        "},{"@context":"https:\/\/schema.org\/","@type":"BreadcrumbList","itemListElement":[{"@type":"ListItem","position":1,"name":"T\u0159i nejv\u00fdznamn\u011bj\u0161\u00ed z\u0159\u00edceniny na \u0160umav\u011b","item":"https:\/\/www.sftuma.cz\/tri-nejvyznamnejsi-zriceniny-na-sumave\/#breadcrumbitem"}]}]