[{"@context":"https:\/\/schema.org\/","@type":"Article","@id":"https:\/\/www.sftuma.cz\/svatebni-den-na-fotografiich\/#Article","mainEntityOfPage":"https:\/\/www.sftuma.cz\/svatebni-den-na-fotografiich\/","headline":"Svatebn\u00ed den na fotografi\u00edch","name":"Svatebn\u00ed den na fotografi\u00edch","description":"Svatba je n\u011bco, co si mnoho z n\u00e1s chce zapamatovat nav\u017edy. Je \u00fapln\u011b pochopiteln\u00e9, proto\u017ee svatba obvykle znamen\u00e1 pom\u011brn\u011b velkou zm\u011bnu v \u017eivot\u011b nev\u011bsty i \u017eenicha. Na svatbu se rodiny obou p\u0159ipravuj\u00ed i n\u011bkolik m\u011bs\u00edc\u016f dop\u0159edu. Na starosti je naj\u00edt to spr\u00e1vn\u00e9 m\u00edsto, kde se svatebn\u00ed ob\u0159ad bude konat, vybrat svatebn\u00ed ozn\u00e1men\u00ed a ty, kte\u0159\u00ed [&hellip;]","datePublished":"2023-08-25","dateModified":"2023-11-25","author":{"@type":"Person","@id":"https:\/\/www.sftuma.cz\/author\/#Person","name":"","url":"https:\/\/www.sftuma.cz\/author\/","identifier":1,"image":{"@type":"ImageObject","@id":"https:\/\/secure.gravatar.com\/avatar\/bac9badfec1c8ddbfb42cc2a45bdd424bcac2f01b51b95470cbfd0bab9e793fd?s=96&d=mm&r=g","url":"https:\/\/secure.gravatar.com\/avatar\/bac9badfec1c8ddbfb42cc2a45bdd424bcac2f01b51b95470cbfd0bab9e793fd?s=96&d=mm&r=g","height":96,"width":96}},"publisher":{"@type":"Organization","name":"sftuma.cz","logo":{"@type":"ImageObject","@id":"\/logo.png","url":"\/logo.png","width":600,"height":60}},"image":{"@type":"ImageObject","@id":"https:\/\/www.sftuma.cz\/wp-content\/uploads\/wedding-2595862_640_1.jpg","url":"https:\/\/www.sftuma.cz\/wp-content\/uploads\/wedding-2595862_640_1.jpg","height":0,"width":0},"url":"https:\/\/www.sftuma.cz\/svatebni-den-na-fotografiich\/","about":["Slu\u017eby"],"wordCount":393,"articleBody":"   Svatba je n\u011bco, co si mnoho z n\u00e1s chce zapamatovat nav\u017edy. Je \u00fapln\u011b pochopiteln\u00e9, proto\u017ee svatba obvykle znamen\u00e1 pom\u011brn\u011b velkou zm\u011bnu v \u017eivot\u011b nev\u011bsty i \u017eenicha. Na svatbu se rodiny obou p\u0159ipravuj\u00ed i n\u011bkolik m\u011bs\u00edc\u016f dop\u0159edu. Na starosti je naj\u00edt to spr\u00e1vn\u00e9 m\u00edsto, kde se svatebn\u00ed ob\u0159ad bude konat, vybrat svatebn\u00ed ozn\u00e1men\u00ed a ty, kte\u0159\u00ed toto ozn\u00e1men\u00ed obdr\u017e\u00ed. Je velmi t\u011b\u017ek\u00e9 spr\u00e1vn\u011b vydesignovat i toto ozn\u00e1men\u00ed, nato\u017e celou svatbu. Kdy\u017e u\u017e jsou v\u0161ichni, kte\u0159\u00ed m\u011bli b\u00fdt pozv\u00e1ni, obezn\u00e1meni s datem a m\u00edstem kon\u00e1n\u00ed svatby, je je\u0161t\u011b velmi d\u016fle\u017eit\u00e9 za\u0159\u00eddit v\u0161echny mo\u017en\u00e9 r\u016fzn\u00e9 pokrmy, kter\u00e9 se budou b\u011bhem cel\u00e9ho dne pod\u00e1vat. Na nev\u011bst\u011b le\u017e\u00ed za\u0159\u00eddit si ty nejhez\u010d\u00ed \u0161aty, jak\u00e9 kdy kdo v \u017eivot\u011b vid\u011bl a doladit v\u0161echny detaily, jako \u0161perky, boty a kade\u0159nici, aby v\u0161e bylo doslova perfektn\u00ed.Samoz\u0159ejmost\u00ed jsou takov\u00e9 detaily jako prst\u00fdnky. Mnohdy ale pr\u00e1v\u011b tito lid\u00e9, jako \u017eenicha nev\u011bsta, ti, kter\u00fdch se svatba t\u00fdk\u00e1 \u00fapln\u011b p\u0159ednostn\u011b, tvrd\u00ed, \u017ee ze sv\u00e9ho svatebn\u00edho dno pro ten ve\u0161ker\u00fd zmatek nic nemaj\u00ed. N\u011bkte\u0159\u00ed dokonce popisuj\u00ed, jak hned pot\u00e9, co za\u010dala ve\u010dern\u00ed z\u00e1bava, se zvedli, p\u0159edali baven\u00ed host\u016f zbytku sv\u00e9 rodiny a ode\u0161li do sv\u00e9ho pokoje, kde zbytek ve\u010dera prospali. Proto je velmi d\u016fle\u017eit\u00e9 m\u00edt n\u011bco, co n\u00e1m svatebn\u00ed den p\u0159ipomene. N\u011bco, na co se o n\u011bkolik dn\u00ed a let pozd\u011bji pod\u00edv\u00e1me a uv\u011bdom\u00edme si, \u017ee i p\u0159es v\u0161echny to stresov\u00e1n\u00ed a starosti to byl opravdu poveden\u00fd den a ni\u010deho na n\u011bm nelitujeme. Takto mohou fungovat nap\u0159\u00edklad fotografie, u kter\u00fdch je ov\u0161em nutn\u00e9, aby byly po\u0159\u00edzeny doopravdy kvalitn\u00edm fotografem, jinak si nev\u0161imneme toho, co je na fotce, ale s jak\u00fdmi nedostatky je fotografie po\u0159\u00edzen\u00e1. Svatebn\u00ed fotograf Pardubice je fotograf, kter\u00fd V\u00e1m vytvo\u0159\u00ed fotografie, na kter\u00e9 se b\u011bhem sv\u00e9ho posvatebn\u00edho \u017eivota mnohokr\u00e1t pod\u00edv\u00e1te a uv\u011bdom\u00edte si, jak moc pro V\u00e1s Va\u0161e drah\u00e1 polovi\u010dka znamen\u00e1.                                                                                                                                                                                                                                                                                                                                                                                          4.5\/5 - (10 votes)        "},{"@context":"https:\/\/schema.org\/","@type":"BreadcrumbList","itemListElement":[{"@type":"ListItem","position":1,"name":"Svatebn\u00ed den na fotografi\u00edch","item":"https:\/\/www.sftuma.cz\/svatebni-den-na-fotografiich\/#breadcrumbitem"}]}]