[{"@context":"https:\/\/schema.org\/","@type":"Article","@id":"https:\/\/www.sftuma.cz\/silne-zeny\/#Article","mainEntityOfPage":"https:\/\/www.sftuma.cz\/silne-zeny\/","headline":"Siln\u00e9 \u017eeny","name":"Siln\u00e9 \u017eeny","description":"Kdy\u017e jsem se narodila, tak m\u016fj o tebe byl z toho ne\u0161\u0165astn\u00fd, \u017ee jsem hol\u010di\u010dka. M\u016fj otec si toti\u017e p\u0159\u00e1l syna.\u00a0 A v\u016fbec nev\u00edm pro\u010d. V\u016fbec ani v dne\u0161n\u00ed dob\u011b nerozum\u00edm tomu, kdy\u017e si n\u011bkte\u0159\u00ed rodi\u010de p\u0159eji ur\u010dit\u011b pohlav\u00ed, aby se jim narodilo. Pro\u010d je to tak d\u016fle\u017eit\u00e9? J\u00e1 v\u00edm, \u017ee v \u017eiv\u011bj\u0161\u00edch dob\u00e1ch to [&hellip;]","datePublished":"2022-04-27","dateModified":"2022-04-27","author":{"@type":"Person","@id":"https:\/\/www.sftuma.cz\/author\/#Person","name":"","url":"https:\/\/www.sftuma.cz\/author\/","identifier":1,"image":{"@type":"ImageObject","@id":"https:\/\/secure.gravatar.com\/avatar\/bac9badfec1c8ddbfb42cc2a45bdd424bcac2f01b51b95470cbfd0bab9e793fd?s=96&d=mm&r=g","url":"https:\/\/secure.gravatar.com\/avatar\/bac9badfec1c8ddbfb42cc2a45bdd424bcac2f01b51b95470cbfd0bab9e793fd?s=96&d=mm&r=g","height":96,"width":96}},"publisher":{"@type":"Organization","name":"sftuma.cz","logo":{"@type":"ImageObject","@id":"\/logo.png","url":"\/logo.png","width":600,"height":60}},"image":{"@type":"ImageObject","@id":"https:\/\/www.sftuma.cz\/wp-content\/uploads\/couple-3687274_960_720_1.jpg","url":"https:\/\/www.sftuma.cz\/wp-content\/uploads\/couple-3687274_960_720_1.jpg","height":0,"width":0},"url":"https:\/\/www.sftuma.cz\/silne-zeny\/","about":["\u017deny"],"wordCount":440,"articleBody":"Kdy\u017e jsem se narodila, tak m\u016fj o tebe byl z toho ne\u0161\u0165astn\u00fd, \u017ee jsem hol\u010di\u010dka. M\u016fj otec si toti\u017e p\u0159\u00e1l syna.\u00a0 A v\u016fbec nev\u00edm pro\u010d. V\u016fbec ani v dne\u0161n\u00ed dob\u011b nerozum\u00edm tomu, kdy\u017e si n\u011bkte\u0159\u00ed rodi\u010de p\u0159eji ur\u010dit\u011b pohlav\u00ed, aby se jim narodilo. Pro\u010d je to tak d\u016fle\u017eit\u00e9? J\u00e1 v\u00edm, \u017ee v \u017eiv\u011bj\u0161\u00edch dob\u00e1ch to d\u016fle\u017eit\u00e9 bylo. Proto\u017ee kdy\u017e se narodila hol\u010di\u010dka, tak se potom j\u00ed muselo v budoucnu d\u00e1vat vysok\u00e9 v\u011bno. Proto\u017ee\u00a0bylo to toti\u017e tak, \u017ee kdy\u017e d\u00edvka dostala vysok\u00e9 v\u011bno, tak to znamenalo, \u017ee je opravdu dobr\u00e9 rodiny. Tak\u017ee si mysl\u00edm, \u017ee pr\u00e1v\u011b v takov\u00e9m p\u0159\u00edpad\u011b si v\u011bt\u0161ina rodi\u010d\u016f p\u0159\u00e1la, aby se jim narodil syn. V takov\u00e9m p\u0159\u00edpad\u011b jim potom odpadla starost o to, \u017ee budou muset d\u00e1vat vysok\u00e9 v\u011bno. A proto to dopadlo n\u011bkdy tak, \u017ee \u017eeny byly opravdu nedostatkov\u00fdm zbo\u017e\u00edm. Ano, je to tak. A mysl\u00edm si, \u017ee tehdy to bylo v Japonsku anebo v \u010c\u00edn\u011b. Tam to dokonce potom bylo uz\u00e1kon\u011bno tak, \u017ee ka\u017ed\u00e1 rodina m\u016f\u017ee m\u00edt pouze jenom jedno d\u00edt\u011b. A jist\u011b si dok\u00e1\u017eete p\u0159edstavit, \u017ee ka\u017ed\u00e1 rodina si p\u0159\u00e1la chlapce, aby nemusela d\u00e1vat v\u011bno.A sice se v tom moc nevyzn\u00e1m, ale mn\u011b osobn\u011b to p\u0159ijde jako blbost. A te\u010f nev\u00edm jak vy, ale j\u00e1 u\u017e bych na m\u011b v\u016fbec nehled\u011bla. J\u00e1 jsem se vdala \u00fapln\u011b bez v\u011bna. J\u00e1\u00a0jsem sice bohat\u00e1 \u017eena a taky jsem sob\u011bsta\u010dn\u00e1 \u017eena, ale nepot\u0159ebuji k \u017eivotu v\u016fbec nikoho, kdo by m\u011b finan\u010dn\u011b podporoval. A j\u00e1 si opravdu vysta\u010d\u00edm sama se sebou. Jsem \u017eena, kter\u00e1 vystudovala dobrou \u0161kolu a m\u00e1m dobrou pr\u00e1ci, tak\u017ee se o sebe taky dok\u00e1\u017eu skv\u011ble postarat. A v\u016fbec si\u00a0nedok\u00e1\u017eu\u00a0p\u0159edstavit\u00a0to, \u017ee by se\u00a0o\u00a0m\u011b n\u011bkdo jenom staral. M\u00e1m r\u00e1da u \u017een, kdy\u017e jsou siln\u00e9 a zdrav\u011b hrd\u00e9\u00a0osobnosti. Nebo vy si mysl\u00edte o \u017een\u00e1ch n\u011bco jin\u00e9ho? M\u011bl by b\u00fdt \u017eena\u00a0podle\u00a0v\u00e1s jemn\u00e1 a n\u011b\u017en\u00e1 a takov\u00e1, co uv\u00edt\u00e1 pomoc mu\u017ee nebo by m\u011bla b\u00fdt \u017eena takov\u00e1 drsn\u00e1 a v\u00edce sob\u011bsta\u010dn\u00e1? V\u00edte, mysl\u00edm si, \u017ee v\u0161eho moc \u0161kod\u00ed, tak\u017ee j\u00e1 bych u \u017een brala zlat\u00fd st\u0159ed.                                                                                                                                                                                                                                                                                                                                                                                        4.3\/5 - (3 votes)        "},{"@context":"https:\/\/schema.org\/","@type":"BreadcrumbList","itemListElement":[{"@type":"ListItem","position":1,"name":"Siln\u00e9 \u017eeny","item":"https:\/\/www.sftuma.cz\/silne-zeny\/#breadcrumbitem"}]}]