[{"@context":"https:\/\/schema.org\/","@type":"Article","@id":"https:\/\/www.sftuma.cz\/premyslite-jiz-ted-nad-tim-co-vam-chybi-na-dvorku-abyste-na-jare-mohli-vsechno-pripravit\/#Article","mainEntityOfPage":"https:\/\/www.sftuma.cz\/premyslite-jiz-ted-nad-tim-co-vam-chybi-na-dvorku-abyste-na-jare-mohli-vsechno-pripravit\/","headline":"P\u0159em\u00fd\u0161l\u00edte ji\u017e te\u010f nad t\u00edm, co V\u00e1m chyb\u00ed na dvorku, abyste na ja\u0159e mohli v\u0161echno p\u0159ipravit?","name":"P\u0159em\u00fd\u0161l\u00edte ji\u017e te\u010f nad t\u00edm, co V\u00e1m chyb\u00ed na dvorku, abyste na ja\u0159e mohli v\u0161echno p\u0159ipravit?","description":"My ur\u010dit\u011b v\u00edme, co V\u00e1m chyb\u00ed. Je to zahradn\u00ed krb, kter\u00fd m\u00e1 z\u00e1rove\u0148 v sob\u011b zabudovanou i skv\u011blou ud\u00edrnu a kter\u00fd dok\u00e1\u017ee dokonce zm\u011bnit sm\u011br \u017e\u00e1ru. Vyu\u017eijte t\u00e9to nab\u00eddky, kterou V\u00e1m te\u010f p\u0159edkl\u00e1d\u00e1me, a pod\u00edvejte se nebo se je\u010fte pod\u00edvat na nab\u00eddku firmy V\u011b\u0159\u00ed\u0161, kter\u00e1 s\u00eddl\u00ed nedaleko Chlumce nad Cidlinou a ur\u010dit\u011b V\u00e1m tam padne [&hellip;]","datePublished":"2023-07-16","dateModified":"2023-07-16","author":{"@type":"Person","@id":"https:\/\/www.sftuma.cz\/author\/#Person","name":"","url":"https:\/\/www.sftuma.cz\/author\/","identifier":1,"image":{"@type":"ImageObject","@id":"https:\/\/secure.gravatar.com\/avatar\/bac9badfec1c8ddbfb42cc2a45bdd424bcac2f01b51b95470cbfd0bab9e793fd?s=96&d=mm&r=g","url":"https:\/\/secure.gravatar.com\/avatar\/bac9badfec1c8ddbfb42cc2a45bdd424bcac2f01b51b95470cbfd0bab9e793fd?s=96&d=mm&r=g","height":96,"width":96}},"publisher":{"@type":"Organization","name":"sftuma.cz","logo":{"@type":"ImageObject","@id":"\/logo.png","url":"\/logo.png","width":600,"height":60}},"url":"https:\/\/www.sftuma.cz\/premyslite-jiz-ted-nad-tim-co-vam-chybi-na-dvorku-abyste-na-jare-mohli-vsechno-pripravit\/","wordCount":232,"articleBody":"My ur\u010dit\u011b v\u00edme, co V\u00e1m chyb\u00ed. Je to zahradn\u00ed krb, kter\u00fd m\u00e1 z\u00e1rove\u0148 v sob\u011b zabudovanou i skv\u011blou ud\u00edrnu a kter\u00fd dok\u00e1\u017ee dokonce zm\u011bnit sm\u011br \u017e\u00e1ru. Vyu\u017eijte t\u00e9to nab\u00eddky, kterou V\u00e1m te\u010f p\u0159edkl\u00e1d\u00e1me, a pod\u00edvejte se nebo se je\u010fte pod\u00edvat na nab\u00eddku firmy V\u011b\u0159\u00ed\u0161, kter\u00e1 s\u00eddl\u00ed nedaleko Chlumce nad Cidlinou a ur\u010dit\u011b V\u00e1m tam padne n\u011bjak\u00fd z \u0161esti nab\u00edzen\u00fdch z\u00e1kladn\u00edch druh\u016f. Nebojte se do toho j\u00edt, se v\u0161\u00edm V\u00e1m bude poskytnuta pomoc.Dom\u00e1c\u00ed ud\u00edrna a z\u00e1rove\u0148 m\u00edsto, u kter\u00e9ho se m\u016f\u017eete nah\u0159\u00edvat a i grilovat!Tak to v\u0161echno a mnohem v\u00edce V\u00e1m dok\u00e1\u017ee poskytnout zahradn\u00ed krb od firmy V\u011b\u0159\u00ed\u0161, kter\u00e1 s\u00eddl\u00ed ve St\u0159edo\u010desk\u00e9m kraji, jak jsme ji\u017e v\u00fd\u0161e psali. Po\u0159i\u010fte si tohoto skv\u011bl\u00e9ho pomocn\u00edka na dvorek za domek, kam m\u016f\u017eete sezvat celou rodinu nebo celou partu p\u0159\u00e1tel na ve\u010der a p\u0159ipravit jim tam lahodn\u00e9 pokrmy. Ur\u010dit\u011b toho nebudete litovat, zajist\u00e9 se k V\u00e1m v\u0161ichni budou r\u00e1di vracet, aby ochutnali znovu lahodn\u00e9 uzeniny p\u0159\u00edmo \u010derstv\u00e9 z Va\u0161\u00ed ud\u00edrny. Nic nen\u00ed lep\u0161\u00edho ne\u017e letn\u00ed vlah\u00e9 ve\u010dery u ohn\u011b.                                                                                                                                                                                                                                                                                                                                                                                        4.1\/5 - (12 votes)        "},{"@context":"https:\/\/schema.org\/","@type":"BreadcrumbList","itemListElement":[{"@type":"ListItem","position":1,"name":"P\u0159em\u00fd\u0161l\u00edte ji\u017e te\u010f nad t\u00edm, co V\u00e1m chyb\u00ed na dvorku, abyste na ja\u0159e mohli v\u0161echno p\u0159ipravit?","item":"https:\/\/www.sftuma.cz\/premyslite-jiz-ted-nad-tim-co-vam-chybi-na-dvorku-abyste-na-jare-mohli-vsechno-pripravit\/#breadcrumbitem"}]}]