[{"@context":"https:\/\/schema.org\/","@type":"Article","@id":"https:\/\/www.sftuma.cz\/oslava-narozenin-bez-obav\/#Article","mainEntityOfPage":"https:\/\/www.sftuma.cz\/oslava-narozenin-bez-obav\/","headline":"Oslava narozenin bez obav","name":"Oslava narozenin bez obav","description":"Chyst\u00e1te oslavu narozenin a u\u017e netrp\u011bliv\u011b vyhl\u00ed\u017e\u00edte p\u0159edpov\u011b\u010f po\u010das\u00ed na dan\u00fd den. Jeliko\u017e se oslava bude konat venku, tak byste byli neradi, aby v\u00e1m zrovna v tu dobu pr\u0161elo. Ano je to opravdu nep\u0159\u00edjemn\u00e9. Ono se klidn\u011b m\u016f\u017ee uk\u00e1zat, \u017ee bude hezk\u00e9 po\u010das\u00ed, ale t\u0159eba hned odpoledne, kdy to nejm\u00e9n\u011b \u010dek\u00e1te se m\u016f\u017ee objevit z [&hellip;]","datePublished":"2023-07-08","dateModified":"2023-08-10","author":{"@type":"Person","@id":"https:\/\/www.sftuma.cz\/author\/#Person","name":"","url":"https:\/\/www.sftuma.cz\/author\/","identifier":1,"image":{"@type":"ImageObject","@id":"https:\/\/secure.gravatar.com\/avatar\/bac9badfec1c8ddbfb42cc2a45bdd424bcac2f01b51b95470cbfd0bab9e793fd?s=96&d=mm&r=g","url":"https:\/\/secure.gravatar.com\/avatar\/bac9badfec1c8ddbfb42cc2a45bdd424bcac2f01b51b95470cbfd0bab9e793fd?s=96&d=mm&r=g","height":96,"width":96}},"publisher":{"@type":"Organization","name":"sftuma.cz","logo":{"@type":"ImageObject","@id":"\/logo.png","url":"\/logo.png","width":600,"height":60}},"image":{"@type":"ImageObject","@id":"https:\/\/www.sftuma.cz\/wp-content\/uploads\/balloons-1786430_1280_4.jpg","url":"https:\/\/www.sftuma.cz\/wp-content\/uploads\/balloons-1786430_1280_4.jpg","height":0,"width":0},"url":"https:\/\/www.sftuma.cz\/oslava-narozenin-bez-obav\/","about":["V\u00fdrobky"],"wordCount":434,"articleBody":"      Chyst\u00e1te oslavu narozenin a u\u017e netrp\u011bliv\u011b vyhl\u00ed\u017e\u00edte p\u0159edpov\u011b\u010f po\u010das\u00ed na dan\u00fd den. Jeliko\u017e se oslava bude konat venku, tak byste byli neradi, aby v\u00e1m zrovna v tu dobu pr\u0161elo. Ano je to opravdu nep\u0159\u00edjemn\u00e9. Ono se klidn\u011b m\u016f\u017ee uk\u00e1zat, \u017ee bude hezk\u00e9 po\u010das\u00ed, ale t\u0159eba hned odpoledne, kdy to nejm\u00e9n\u011b \u010dek\u00e1te se m\u016f\u017ee objevit z ni\u010deho nic d\u00e9\u0161\u0165 a vy tak budete muset schovat v\u0161echno j\u00eddlo, z\u00e1bavu a dal\u0161\u00ed v\u011bci p\u0159ed de\u0161t\u011bm. Ano takov\u00e9 nemil\u00e9 p\u0159ekvapen\u00ed v\u00e1s m\u016f\u017ee zasko\u010dit. Ale taky se tomuhle d\u00e1 ur\u010dit\u011b n\u011bjak p\u0159edej\u00edt. A jak? M\u016f\u017eete si napl\u00e1novat oslavu n\u011bkde v p\u0159\u00edst\u0159e\u0161\u00ed, kde budete pod st\u0159echou. Tohle je jedna z prvn\u00edch mo\u017enost\u00ed, kter\u00e9 m\u016f\u017eete vyu\u017e\u00edt. Ale p\u0159eci jen, je l\u00e9to a vy byste sp\u00ed\u0161e cht\u011bli oslavu venku. Tak j\u00ed m\u016f\u017eete uspo\u0159\u00e1dat venku na zahrad\u011b u domu, kde se lehko pak rychle p\u0159ed po\u010das\u00edm schov\u00e1te. Pokud tedy m\u00e1te dostate\u010dn\u011b velkou zahradu, kde se vlezou v\u0161ichni host\u00e9. Ne ka\u017ed\u00fd m\u00e1 tu mo\u017enost s takov\u00fdm velk\u00fdm prostorem, a proto hled\u00e1 dal\u0161\u00ed alternativu n\u011bkde t\u0159eba v parku. No, pokud ani tenhle pl\u00e1n nevyjde, nemus\u00edte v\u016fbec zoufat, je tu dal\u0161\u00ed mo\u017enost, kter\u00e1 se v\u00e1m p\u0159\u00edmo nab\u00edz\u00ed. A to je pron\u00e1jem party stanu. Ano \u010dtete dob\u0159e. Pokud budete pot\u0159ebovat p\u0159\u00edst\u0159e\u0161\u00ed, tak si m\u016f\u017eete stan vyp\u016fj\u010dit, a tak se lehce pod n\u00edm schov\u00e1te. Klidn\u011b i kdy\u017e nebudete pr\u0161et. Stan v\u00e1m ud\u011bl\u00e1 i skv\u011blou clonu p\u0159ed slun\u00ed\u010dkem, tak \u017ee budete ve st\u00ednu, a ne na p\u0159\u00edm\u00e9m slune\u010dn\u00edm sv\u011btlu, co\u017e taky nen\u00ed zdrav\u00e9 a taky i n\u011bkdy otravn\u00e9. Pro zap\u016fj\u010den\u00ed party stan\u016f sta\u010d\u00ed jenom kontaktovat firmu, kter\u00e1 tuhle slu\u017ebu nab\u00edz\u00ed a stany pronaj\u00edm\u00e1. Domluv\u00edte se na datum kon\u00e1n\u00ed oslavy, d\u00e1le taky ur\u010d\u00edte m\u00edsto, kde se dan\u00e1 akce bude odehr\u00e1vat. No a vy u\u017e jen po\u010dk\u00e1te a\u017e firma p\u0159iveze stany, kter\u00e9 rozlo\u017e\u00ed a potom jak v\u0161echno skon\u010d\u00ed je op\u011bt rozlo\u017e\u00ed a odveze si je. Tak \u017ee dal\u0161\u00ed v\u00fdhodou je to, \u017ee vy nebudete muset d\u011blat nic, pouze jenom objedn\u00e1te, a to je v\u0161e. Dal\u0161\u00ed starost v\u00e1m opadne.                                                                                                                                                                                                                                                                                                                                                                                           4.2\/5 - (8 votes)        "},{"@context":"https:\/\/schema.org\/","@type":"BreadcrumbList","itemListElement":[{"@type":"ListItem","position":1,"name":"Oslava narozenin bez obav","item":"https:\/\/www.sftuma.cz\/oslava-narozenin-bez-obav\/#breadcrumbitem"}]}]