[{"@context":"https:\/\/schema.org\/","@type":"Article","@id":"https:\/\/www.sftuma.cz\/kdy-se-vypravit-do-velkeho-mederu\/#Article","mainEntityOfPage":"https:\/\/www.sftuma.cz\/kdy-se-vypravit-do-velkeho-mederu\/","headline":"Kdy se vypravit do Velk\u00e9ho Mederu","name":"Kdy se vypravit do Velk\u00e9ho Mederu","description":"L\u00e9to \u2013 ubytov\u00e1n\u00ed Velk\u00fd Meder apartm\u00e1ny https:\/\/www.travelguide.sk\/cze\/velky-meder\/ubytovani\/?apartmany=1 je v maxim\u00e1ln\u00ed kapacit\u011b vyu\u017e\u00edv\u00e1no zejm\u00e9na v letn\u00edch m\u011bs\u00edc\u00edch od \u010dervna do srpna. M\u00e1 to logiku v tom, \u017ee je v t\u00e9to dob\u011b nejdel\u0161\u00ed den, a lze tu pochytat nejv\u00edce vitam\u00ednu D ze slunce, a tak\u00e9 se tu samoz\u0159ejm\u011b op\u00e1lit do bronzova. Soustava term\u00e1ln\u00edch baz\u00e9n\u016f tu poskytuje dostate\u010dn\u011b [&hellip;]","datePublished":"2023-08-22","dateModified":"2023-08-22","author":{"@type":"Person","@id":"https:\/\/www.sftuma.cz\/author\/#Person","name":"","url":"https:\/\/www.sftuma.cz\/author\/","identifier":1,"image":{"@type":"ImageObject","@id":"https:\/\/secure.gravatar.com\/avatar\/bac9badfec1c8ddbfb42cc2a45bdd424bcac2f01b51b95470cbfd0bab9e793fd?s=96&d=mm&r=g","url":"https:\/\/secure.gravatar.com\/avatar\/bac9badfec1c8ddbfb42cc2a45bdd424bcac2f01b51b95470cbfd0bab9e793fd?s=96&d=mm&r=g","height":96,"width":96}},"publisher":{"@type":"Organization","name":"sftuma.cz","logo":{"@type":"ImageObject","@id":"\/logo.png","url":"\/logo.png","width":600,"height":60}},"image":{"@type":"ImageObject","@id":"https:\/\/www.sftuma.cz\/wp-content\/uploads\/ladder-6799004_640_3.jpg","url":"https:\/\/www.sftuma.cz\/wp-content\/uploads\/ladder-6799004_640_3.jpg","height":0,"width":0},"url":"https:\/\/www.sftuma.cz\/kdy-se-vypravit-do-velkeho-mederu\/","about":["Slu\u017eby"],"wordCount":454,"articleBody":"   L\u00e9to \u2013 ubytov\u00e1n\u00ed Velk\u00fd Meder apartm\u00e1ny https:\/\/www.travelguide.sk\/cze\/velky-meder\/ubytovani\/?apartmany=1 je v maxim\u00e1ln\u00ed kapacit\u011b vyu\u017e\u00edv\u00e1no zejm\u00e9na v letn\u00edch m\u011bs\u00edc\u00edch od \u010dervna do srpna. M\u00e1 to logiku v tom, \u017ee je v t\u00e9to dob\u011b nejdel\u0161\u00ed den, a lze tu pochytat nejv\u00edce vitam\u00ednu D ze slunce, a tak\u00e9 se tu samoz\u0159ejm\u011b op\u00e1lit do bronzova. Soustava term\u00e1ln\u00edch baz\u00e9n\u016f tu poskytuje dostate\u010dn\u011b p\u0159\u00edjemn\u00e9 z\u00e1zem\u00ed i pro tropick\u00e9 dny, letn\u00ed vedra se tu mnohem l\u00e9pe sn\u00e1\u0161\u00ed, ne\u017e kdekoli jinde, i kdy\u017e samoz\u0159ejm\u011b pohyb v hor\u00e1ch v nadmo\u0159sk\u00fdch v\u00fd\u0161k\u00e1ch kolem tis\u00edce metr\u016f je v t\u00e9to dob\u011b tak\u00e9 ide\u00e1ln\u00ed. Nev\u00fdhodou letn\u00edch pobyt\u016f je v\u011bt\u0161\u00ed mno\u017estv\u00ed rekreant\u016f, kte\u0159\u00ed dostali stejn\u00fd n\u00e1pad, jako vy. N\u011bkomu to nemus\u00ed vyhovovat, a proto se sem vyprav\u00ed t\u0159eba na podzim.Podzim \u2013 z\u00e1\u0159\u00ed a\u017e listopad mohou b\u00fdt slune\u010dn\u00e9, ale tak\u00e9 nemus\u00ed, to ov\u0161em v\u016fbec nebr\u00e1n\u00ed v tom, pro\u017e\u00edt tu kr\u00e1snou dovolenou v poklidu a s koupel\u00ed v tepl\u00e9 vod\u011b. Term\u00e1ln\u00ed prameny vyv\u011braj\u00ed na zemsk\u00fd povrch a\u017e hork\u00e9, proto se ochlazuj\u00ed na p\u0159ijatelnou teplotu, a ta je v baz\u00e9nu k dispozici po cel\u00fd rok. Chcete-li tu m\u00edt prost\u0159ed\u00ed s minim\u00e1ln\u00edm po\u010dtem rekreant\u016f, objednejte si tu pobyt t\u0159eba na konec \u0159\u00edjna.Jaro \u2013 jarn\u00ed dovolen\u00e1 v term\u00e1lech je l\u00e1kav\u00e1 podobn\u011b, jako na podzim, a nav\u00edc tu lze vyu\u017e\u00edt bl\u00edzk\u00e9ho lesoparku k p\u0159\u00edjemn\u00fdm proch\u00e1zk\u00e1m, vzhledem k p\u0159ijateln\u00e9 teplot\u011b ovzdu\u0161\u00ed mezi 15 a 22 stupni Celsia. Na ja\u0159e tak\u00e9 v\u0161e rozkv\u00e9t\u00e1 a pu\u010d\u00ed a probouz\u00ed se k \u017eivotu, a to je velice p\u011bkn\u00e9 zejm\u00e9na na v\u00fdletech do okoln\u00ed p\u0159\u00edrody. Nen\u00ed to odtud daleko do slovensk\u00e9ho hornat\u00e9ho vnitrozem\u00ed, anebo do Bratislavy \u010di Budape\u0161ti, kde je \u0159ada kr\u00e1sn\u00fdch p\u0159\u00edrodn\u00edch z\u00e1kout\u00ed se zaj\u00edmav\u00fdm v\u00fdhledem na m\u011bsto, nap\u0159\u00edklad v Bratislav\u011b televizn\u00ed v\u011b\u017e Kamz\u00edk s restaurac\u00ed a kav\u00e1rnou a v Budape\u0161ti kamenn\u00e1 rozhledna na J\u00e1nos-hill.Zima \u2013 v zim\u011b se tu m\u016f\u017ee objevit v\u00edce z\u00e1jemc\u016f o rekreaci zejm\u00e9na v obdob\u00ed Adventu a V\u00e1noc, a samoz\u0159ejm\u011b tak\u00e9 na Silvestra. Pokud si ale chcete v\u00e1no\u010dn\u00ed sv\u00e1tky prodlou\u017eit, a vypravit se sem t\u0159eba t\u0159et\u00edho ledna, bude tu polopr\u00e1zdno, a i kdy\u017e venku zasn\u011b\u017e\u00ed a bude mrznout, v term\u00e1ln\u00ed vod\u011b v\u00e1m to m\u016f\u017ee b\u00fdt ukraden\u00e9. M\u016f\u017eete tu relaxovat bez omezen\u00ed.                                                                                                                                                                                                                                                                                                                                                                                          4.3\/5 - (11 votes)        "},{"@context":"https:\/\/schema.org\/","@type":"BreadcrumbList","itemListElement":[{"@type":"ListItem","position":1,"name":"Kdy se vypravit do Velk\u00e9ho Mederu","item":"https:\/\/www.sftuma.cz\/kdy-se-vypravit-do-velkeho-mederu\/#breadcrumbitem"}]}]