[{"@context":"https:\/\/schema.org\/","@type":"Article","@id":"https:\/\/www.sftuma.cz\/bila-barva\/#Article","mainEntityOfPage":"https:\/\/www.sftuma.cz\/bila-barva\/","headline":"B\u00edl\u00e1 barva","name":"B\u00edl\u00e1 barva","description":"B\u00edl\u00e1 sten-skrine.cz barva je symbol n\u011b\u017enosti a \u010distoty a m\u011b se b\u00edl\u00e1 barva moc l\u00edb\u00ed. Doma m\u00e1m opravdu hodn\u011b oble\u010den\u00ed v b\u00edl\u00e9 barv\u011b, proto\u017ee je to moje nejobl\u00edben\u011bj\u0161\u00ed barva, No, je\u0161t\u011b klasicky \u010dern\u00e1 a taky miluji r\u016f\u017eovou. Ale b\u00edl\u00e1 barva se d\u00e1 ladit a nosit \u00fapln\u011b s \u010d\u00edmkoliv a tohle mi nikdo nerozmluv\u00ed. Je to [&hellip;]","datePublished":"2022-05-31","dateModified":"2022-05-31","author":{"@type":"Person","@id":"https:\/\/www.sftuma.cz\/author\/#Person","name":"","url":"https:\/\/www.sftuma.cz\/author\/","identifier":1,"image":{"@type":"ImageObject","@id":"https:\/\/secure.gravatar.com\/avatar\/bac9badfec1c8ddbfb42cc2a45bdd424bcac2f01b51b95470cbfd0bab9e793fd?s=96&d=mm&r=g","url":"https:\/\/secure.gravatar.com\/avatar\/bac9badfec1c8ddbfb42cc2a45bdd424bcac2f01b51b95470cbfd0bab9e793fd?s=96&d=mm&r=g","height":96,"width":96}},"publisher":{"@type":"Organization","name":"sftuma.cz","logo":{"@type":"ImageObject","@id":"\/logo.png","url":"\/logo.png","width":600,"height":60}},"image":{"@type":"ImageObject","@id":"https:\/\/www.sftuma.cz\/wp-content\/uploads\/bride-gefa286e92_640_8.jpg","url":"https:\/\/www.sftuma.cz\/wp-content\/uploads\/bride-gefa286e92_640_8.jpg","height":0,"width":0},"url":"https:\/\/www.sftuma.cz\/bila-barva\/","about":["Kr\u00e1sa"],"wordCount":491,"articleBody":"      B\u00edl\u00e1 sten-skrine.cz barva je symbol n\u011b\u017enosti a \u010distoty a m\u011b se b\u00edl\u00e1 barva moc l\u00edb\u00ed. Doma m\u00e1m opravdu hodn\u011b oble\u010den\u00ed v b\u00edl\u00e9 barv\u011b, proto\u017ee je to moje nejobl\u00edben\u011bj\u0161\u00ed barva, No, je\u0161t\u011b klasicky \u010dern\u00e1 a taky miluji r\u016f\u017eovou. Ale b\u00edl\u00e1 barva se d\u00e1 ladit a nosit \u00fapln\u011b s \u010d\u00edmkoliv a tohle mi nikdo nerozmluv\u00ed. Je to stejn\u011b pravda a \u0159ekne v\u00e1m to i ka\u017ed\u00fd stylista. J\u00e1 jsem byla na kurzu stylu v Praze a mus\u00edm \u0159\u00edct, \u017ee jsem si to opravdu velmi u\u017eila. M\u011bli jsme tam mnoho lid\u00ed a mnoho styl\u016f a mohli jsme si tam s barvami a m\u00f3dou \u010darovat, jak jsme my v\u0161ichni cht\u011bli. B\u00edl\u00e1 barva je nav\u00edc prima v tom, \u017ee v l\u00e9t\u011b v\u00e1m zv\u00fdrazn\u00ed op\u00e1len\u00ed. A to je pro m\u011b pr\u00e1v\u011b to prav\u00e9 o\u0159echov\u00e9. Moc r\u00e1da se opaluji, a proto v l\u00e9t\u011b nejv\u00edce nos\u00edm b\u00edlou barvu. A nav\u00edc ani nezn\u00e1m nikoho, kdo nem\u00e1 r\u00e1d b\u00edlou barvu. A taky mohu \u0159\u00edct, \u017ee i b\u00edl\u00e1 zv\u00ed\u0159\u00e1tka jsou moc p\u011bkn\u00e1. M\u00e1m doma dv\u011b b\u00edl\u00e9 ko\u010di\u010dky. Ale nemyslete si pros\u00edm, \u017ee jsem si brala z\u00e1m\u011brn\u011b b\u00edl\u00e9 ko\u010di\u010dky, to ne. J\u00e1 jsem je na\u0161la ob\u011b venku zanedban\u00e9, tak jsem si je nechala. A jsou se mnou po\u0159\u00e1d. A taky m\u011b vlastn\u011b zaj\u00edm\u00e1, jak to m\u00e1te s b\u00edlou barvou vy? Taky se v\u00e1m l\u00edb\u00ed?Nebo ji nos\u00edte jen sporadicky? Nap\u0159\u00edklad moje maminka ji moc \u010dasto nenos\u00ed, i kdy\u017e m\u00e1 b\u00edlou barvu r\u00e1da. Ona se boj\u00ed, \u017ee si n\u011bkde b\u00edlou halenku zama\u017ee a bude m\u00edt ostudu. Jen\u017ee j\u00e1 si mysl\u00edm, \u017ee se ob\u00e1v\u00e1 \u00fapln\u011b zbyte\u010dn\u011b. Podle m\u00e9ho n\u00e1zoru, kdy\u017e si d\u00e1 \u010dlov\u011bk pozor, tak se mi nic nestane a bude v\u0161echno v po\u0159\u00e1dku. Ale nikomu nikdy nic nerozmlouv\u00e1m, ka\u017ed\u00e9ho v\u011bc. Ale taky abych \u0161la d\u00e1l. B\u00edl\u00e1 barva se mi taky l\u00edb\u00ed u n\u00e1bytku. Doma m\u00e1m b\u00edl\u00fd kr\u00e9mov\u00fd n\u00e1bytek a mus\u00edm \u0159\u00edct, \u017ee to kr\u00e1sn\u011b opticky zv\u011bt\u0161\u00ed prostor v ob\u00fdv\u00e1ku. nav\u00edc b\u00edl\u00fd n\u00e1bytek taky vypad\u00e1 v\u00edce elegantn\u011b a m\u011b se to tak moc l\u00edb\u00ed. Taky je p\u0159eci jasn\u00e9 dan\u00e9, \u017ee b\u00edl\u00e1 barva pat\u0159\u00ed na svatbu. V \u010dem jste se vd\u00e1vala vy? J\u00e1 m\u011bla kr\u00e1sn\u00e9 na\u010dechran\u00e9 b\u00edl\u00e9 \u0161aty a mus\u00edm \u0159\u00edct, \u017ee jsem je necht\u011bla ani svl\u00e9knout, Moc se mi l\u00edbily a kdy\u017e jsem m\u011bla m\u00edt b\u00edl\u00e9 nad\u00fdchan\u00e9 \u0161aty, tak jsem byla nad\u0161en\u00e1. B\u00edl\u00e9 barva n\u011b svatb\u011b se nic nevyrovn\u00e1.                                                                                                                                                                                                                                                                                                                                                                                          4\/5 - (1 vote)        "},{"@context":"https:\/\/schema.org\/","@type":"BreadcrumbList","itemListElement":[{"@type":"ListItem","position":1,"name":"B\u00edl\u00e1 barva","item":"https:\/\/www.sftuma.cz\/bila-barva\/#breadcrumbitem"}]}]